{"id":816,"date":"2016-07-06T16:26:50","date_gmt":"2016-07-06T14:26:50","guid":{"rendered":"http:\/\/www.rotweisskassel.de\/verein\/?p=816"},"modified":"2016-07-07T13:52:35","modified_gmt":"2016-07-07T11:52:35","slug":"zweiter-dan-fuer-armin-wenzel","status":"publish","type":"post","link":"https:\/\/www.rotweisskassel.de\/verein\/blog\/2016\/07\/06\/zweiter-dan-fuer-armin-wenzel\/","title":{"rendered":"Zweiter Dan f\u00fcr Armin Wenzel"},"content":{"rendered":"<p>Am 24. Juni diesen Jahres sind unsere zwei h\u00f6chsten Ju-Jutsu-Kas (Philipp und Jascha) mit unserem Trainer Armin Wenzel in das Auto gestiegen und \u00fcber f\u00fcnf harte Stunden nach Nordrhein-Westfalen gefahren.<br \/>\nNach der N\u00e4chtigung in einer kleinen, aber feinen Jugendherberge, ging es morgens schon los, mit der Fahrt nach Simmerath, wo sich unser Trainer, zusammen mit unserem Freund Wolle, einer harten Pr\u00fcfung stellen wollte. &#8211; Der Pr\u00fcfung \u00a02. DAN-Grad, also den zwei<span class=\"text_exposed_show\">ten Schwarzgurt, oder auch zweiten Meistergrad genannt.<\/span><\/p>\n<div class=\"text_exposed_show\">\n<p>Nach ganzen sieben, unertr\u00e4glich langen Stunden,in denen sich \u00fcber 10 Sportler haben Pr\u00fcfen lassen, hat aus der Gruppe unseres Trainers leider nur die H\u00e4lfte bestanden. \u00a0Ja, der 2. DAN-Grad ist eine hohe H\u00fcrde &#8211; Aber nach hartem Kampf, der nicht nur unseren Trainer gefordert hat, sondern auch seine extra zur Pr\u00fcfung mitgebrachten Partner nicht geschont hat, war es soweit &#8211; Die Einzelgespr\u00e4che kamen.<\/p>\n<p>Unser Trainer verschwand mit den Pr\u00fcfern, und nach einiger zeit kam er zur\u00fcck. Die Pr\u00fcfer waren von seinen Techniken begeistert, von seiner Dynamik \u00fcberrannt und von seinem Willen beeindruckt. Er hat somit die zweitbeste Pr\u00fcfung in seiner Gruppe.<\/p>\n<p>Nach einer weiteren halben Stunde wurden die Graduierungen \u00f6ffentlich verliehen, in Form von Urkunden, die sie auf dem Bild unten sehen. Dort sind Freund &#8222;Wolle&#8220; (rechts) und unser Trainer Armin Wenzel (links) zu sehen, mit einem stolzen L\u00e4cheln im Gesicht und einer sehr sch\u00f6nen Graduierungs-Urkunde fest in der Hand.<\/p>\n<p>Aber ein ganz kleines bisschen Lob muss auch an seine Sch\u00fcler gehen. Sie fungierten als vortreffliche Partner, mit denen er nahezu nur 1A-Techniken vollbracht hat.<\/p>\n<p>Also, langer Text, kurzer Sinn:<\/p>\n<p>Wir gratulieren unserem Supertrainer Armin Wenzel ganz herzlich zu seinem wohlverdienten 2. DAN!!!!!<\/p>\n<\/div>\n<figure id=\"attachment_818\" aria-describedby=\"caption-attachment-818\" style=\"width: 169px\" class=\"wp-caption aligncenter\"><a href=\"https:\/\/www.rotweisskassel.de\/verein\/wp-content\/uploads\/2016\/07\/Armin-2ter-Dan-mit.jpg\"><img loading=\"lazy\" decoding=\"async\" class=\"wp-image-818 size-medium\" src=\"https:\/\/www.rotweisskassel.de\/verein\/wp-content\/uploads\/2016\/07\/Armin-2ter-Dan-mit-169x300.jpg\" alt=\"Armin mit Urkunde zum zweiten Dan Jujutsu\" width=\"169\" height=\"300\" srcset=\"https:\/\/www.rotweisskassel.de\/verein\/wp-content\/uploads\/2016\/07\/Armin-2ter-Dan-mit-169x300.jpg 169w, https:\/\/www.rotweisskassel.de\/verein\/wp-content\/uploads\/2016\/07\/Armin-2ter-Dan-mit-100x178.jpg 100w, https:\/\/www.rotweisskassel.de\/verein\/wp-content\/uploads\/2016\/07\/Armin-2ter-Dan-mit-150x267.jpg 150w, https:\/\/www.rotweisskassel.de\/verein\/wp-content\/uploads\/2016\/07\/Armin-2ter-Dan-mit-200x356.jpg 200w, https:\/\/www.rotweisskassel.de\/verein\/wp-content\/uploads\/2016\/07\/Armin-2ter-Dan-mit-300x533.jpg 300w, https:\/\/www.rotweisskassel.de\/verein\/wp-content\/uploads\/2016\/07\/Armin-2ter-Dan-mit-450x800.jpg 450w, https:\/\/www.rotweisskassel.de\/verein\/wp-content\/uploads\/2016\/07\/Armin-2ter-Dan-mit.jpg 540w\" sizes=\"auto, (max-width: 169px) 100vw, 169px\" \/><\/a><figcaption id=\"caption-attachment-818\" class=\"wp-caption-text\">Armin (links) und &#8222;Wolle&#8220; (rechts) nach bestandener Jujutsu Dan Pr\u00fcfung<\/figcaption><\/figure>\n<p>&nbsp;<\/p>\n","protected":false},"excerpt":{"rendered":"<div class=\"mh-excerpt\"><p>Am 24. Juni diesen Jahres sind unsere zwei h\u00f6chsten Ju-Jutsu-Kas (Philipp und Jascha) mit unserem Trainer Armin Wenzel in das Auto gestiegen und \u00fcber f\u00fcnf <a class=\"mh-excerpt-more\" href=\"https:\/\/www.rotweisskassel.de\/verein\/blog\/2016\/07\/06\/zweiter-dan-fuer-armin-wenzel\/\" title=\"Zweiter Dan f\u00fcr Armin Wenzel\">[&#8230;]<\/a><\/p>\n<\/div>","protected":false},"author":4,"featured_media":0,"comment_status":"closed","ping_status":"open","sticky":false,"template":"","format":"standard","meta":{"ngg_post_thumbnail":0,"footnotes":""},"categories":[1,6,2],"tags":[],"class_list":["post-816","post","type-post","status-publish","format-standard","hentry","category-allgemein","category-jujutsu","category-verein"],"_links":{"self":[{"href":"https:\/\/www.rotweisskassel.de\/verein\/wp-json\/wp\/v2\/posts\/816","targetHints":{"allow":["GET"]}}],"collection":[{"href":"https:\/\/www.rotweisskassel.de\/verein\/wp-json\/wp\/v2\/posts"}],"about":[{"href":"https:\/\/www.rotweisskassel.de\/verein\/wp-json\/wp\/v2\/types\/post"}],"author":[{"embeddable":true,"href":"https:\/\/www.rotweisskassel.de\/verein\/wp-json\/wp\/v2\/users\/4"}],"replies":[{"embeddable":true,"href":"https:\/\/www.rotweisskassel.de\/verein\/wp-json\/wp\/v2\/comments?post=816"}],"version-history":[{"count":6,"href":"https:\/\/www.rotweisskassel.de\/verein\/wp-json\/wp\/v2\/posts\/816\/revisions"}],"predecessor-version":[{"id":823,"href":"https:\/\/www.rotweisskassel.de\/verein\/wp-json\/wp\/v2\/posts\/816\/revisions\/823"}],"wp:attachment":[{"href":"https:\/\/www.rotweisskassel.de\/verein\/wp-json\/wp\/v2\/media?parent=816"}],"wp:term":[{"taxonomy":"category","embeddable":true,"href":"https:\/\/www.rotweisskassel.de\/verein\/wp-json\/wp\/v2\/categories?post=816"},{"taxonomy":"post_tag","embeddable":true,"href":"https:\/\/www.rotweisskassel.de\/verein\/wp-json\/wp\/v2\/tags?post=816"}],"curies":[{"name":"wp","href":"https:\/\/api.w.org\/{rel}","templated":true}]}}