{"id":679,"date":"2015-05-25T00:48:26","date_gmt":"2015-05-24T22:48:26","guid":{"rendered":"http:\/\/www.rotweisskassel.de\/verein\/?p=679"},"modified":"2015-05-25T00:44:11","modified_gmt":"2015-05-24T22:44:11","slug":"fotos-vom-kata-lehrgang-mit-den-landestrainern","status":"publish","type":"post","link":"https:\/\/www.rotweisskassel.de\/verein\/blog\/2015\/05\/25\/fotos-vom-kata-lehrgang-mit-den-landestrainern\/","title":{"rendered":"Fotos vom Kata Lehrgang mit den Landestrainern"},"content":{"rendered":"<p>Der SV Rot-Wei\u00df Kassel e.V. war\u00a0Ausrichter eines hochkar\u00e4tigen Karate Kata Lehrgang mit den hessischen Landestrainern. Wir freuen uns \u00fcber den erfolgreichen Verlauf und die vielen G\u00e4ste in Kassel Waldau.<\/p>\n<p><a href=\"https:\/\/www.rotweisskassel.de\/verein\/wp-content\/uploads\/2015\/05\/DSC_0179.JPG1.gif\"><img loading=\"lazy\" decoding=\"async\" class=\"aligncenter size-medium wp-image-677\" src=\"https:\/\/www.rotweisskassel.de\/verein\/wp-content\/uploads\/2015\/05\/DSC_0179.JPG1-300x199.gif\" alt=\"DSC_0179.JPG\" width=\"300\" height=\"199\" srcset=\"https:\/\/www.rotweisskassel.de\/verein\/wp-content\/uploads\/2015\/05\/DSC_0179.JPG1-300x199.gif 300w, https:\/\/www.rotweisskassel.de\/verein\/wp-content\/uploads\/2015\/05\/DSC_0179.JPG1-1024x680.gif 1024w, https:\/\/www.rotweisskassel.de\/verein\/wp-content\/uploads\/2015\/05\/DSC_0179.JPG1-100x66.gif 100w, https:\/\/www.rotweisskassel.de\/verein\/wp-content\/uploads\/2015\/05\/DSC_0179.JPG1-150x100.gif 150w, https:\/\/www.rotweisskassel.de\/verein\/wp-content\/uploads\/2015\/05\/DSC_0179.JPG1-200x133.gif 200w, https:\/\/www.rotweisskassel.de\/verein\/wp-content\/uploads\/2015\/05\/DSC_0179.JPG1-450x299.gif 450w, https:\/\/www.rotweisskassel.de\/verein\/wp-content\/uploads\/2015\/05\/DSC_0179.JPG1-600x398.gif 600w, https:\/\/www.rotweisskassel.de\/verein\/wp-content\/uploads\/2015\/05\/DSC_0179.JPG1-900x598.gif 900w\" sizes=\"auto, (max-width: 300px) 100vw, 300px\" \/><\/a><\/p>\n<p>Ein kurzer Bericht und viele Fotos sind <a href=\"https:\/\/www.rotweisskassel.de\/verein\/aktuelles\/fotos-und-berichte\/karate-lehrgang-mit-den-landestrainern-2015\/\">nun hier ver\u00f6ffentlicht<\/a>.<\/p>\n","protected":false},"excerpt":{"rendered":"<div class=\"mh-excerpt\"><p>Der SV Rot-Wei\u00df Kassel e.V. war\u00a0Ausrichter eines hochkar\u00e4tigen Karate Kata Lehrgang mit den hessischen Landestrainern. Wir freuen uns \u00fcber den erfolgreichen Verlauf und die vielen <a class=\"mh-excerpt-more\" href=\"https:\/\/www.rotweisskassel.de\/verein\/blog\/2015\/05\/25\/fotos-vom-kata-lehrgang-mit-den-landestrainern\/\" title=\"Fotos vom Kata Lehrgang mit den Landestrainern\">[&#8230;]<\/a><\/p>\n<\/div>","protected":false},"author":4,"featured_media":0,"comment_status":"closed","ping_status":"open","sticky":false,"template":"","format":"standard","meta":{"ngg_post_thumbnail":0,"footnotes":""},"categories":[1,3,2],"tags":[130,41,136,12,127,128,24,129,15,19],"class_list":["post-679","post","type-post","status-publish","format-standard","hentry","category-allgemein","category-karate","category-verein","tag-bunkai","tag-foto","tag-karate","tag-kassel","tag-kata","tag-landestrainer","tag-pruefung","tag-trainer","tag-training","tag-waldau"],"_links":{"self":[{"href":"https:\/\/www.rotweisskassel.de\/verein\/wp-json\/wp\/v2\/posts\/679","targetHints":{"allow":["GET"]}}],"collection":[{"href":"https:\/\/www.rotweisskassel.de\/verein\/wp-json\/wp\/v2\/posts"}],"about":[{"href":"https:\/\/www.rotweisskassel.de\/verein\/wp-json\/wp\/v2\/types\/post"}],"author":[{"embeddable":true,"href":"https:\/\/www.rotweisskassel.de\/verein\/wp-json\/wp\/v2\/users\/4"}],"replies":[{"embeddable":true,"href":"https:\/\/www.rotweisskassel.de\/verein\/wp-json\/wp\/v2\/comments?post=679"}],"version-history":[{"count":4,"href":"https:\/\/www.rotweisskassel.de\/verein\/wp-json\/wp\/v2\/posts\/679\/revisions"}],"predecessor-version":[{"id":681,"href":"https:\/\/www.rotweisskassel.de\/verein\/wp-json\/wp\/v2\/posts\/679\/revisions\/681"}],"wp:attachment":[{"href":"https:\/\/www.rotweisskassel.de\/verein\/wp-json\/wp\/v2\/media?parent=679"}],"wp:term":[{"taxonomy":"category","embeddable":true,"href":"https:\/\/www.rotweisskassel.de\/verein\/wp-json\/wp\/v2\/categories?post=679"},{"taxonomy":"post_tag","embeddable":true,"href":"https:\/\/www.rotweisskassel.de\/verein\/wp-json\/wp\/v2\/tags?post=679"}],"curies":[{"name":"wp","href":"https:\/\/api.w.org\/{rel}","templated":true}]}}