{"id":2217,"date":"2026-08-31T09:26:38","date_gmt":"2026-08-31T07:26:38","guid":{"rendered":"https:\/\/www.rotweisskassel.de\/verein\/?p=2217"},"modified":"2026-08-31T09:26:38","modified_gmt":"2026-08-31T07:26:38","slug":"okinawa-karate-mit-walter-rechel","status":"publish","type":"post","link":"https:\/\/www.rotweisskassel.de\/verein\/blog\/2026\/08\/31\/okinawa-karate-mit-walter-rechel\/","title":{"rendered":"Okinawa-Karate mit Walter Rechel"},"content":{"rendered":"\n<p class=\"wp-block-paragraph\"><\/p>\n\n\n\n<p class=\"wp-block-paragraph\">Am 22.08. fand in Schauenburg-Hoof ein besonderer Karatelehrgang mit Walter Rechel (8. Dan) statt. Vom SV Rot-Wei\u00df Kassel e.V. nahmen Trainer Volker Vogel und Spartenleiter Belal Chahrour teil. Rechel nahm die Teilnehmer mit auf die Spuren des Okinawa-Karate und vermittelte interessante Einblicke in dessen Geschichte und Prinzipien.<\/p>\n\n\n\n<p class=\"wp-block-paragraph\">Dabei zeigte er auf, wie sich die Kampfkunst durch kulturelle Einfl\u00fcsse und die jeweilige Kleidung entwickelt hat. Ein Beispiel daf\u00fcr sind die Wurzeln des Karate in China, bevor es nach Okinawa gelangte. In China trugen die Menschen eng anliegende Hosen, die hohe Tritte erm\u00f6glichten. Die traditionelle Kleidung auf Okinawa hingegen war weiter geschnitten und schr\u00e4nkte hohe Tritte ein. Daher finden sich im Okinawa-Karate viele Tritttechniken im Gedan-Bereich, also unterhalb der G\u00fcrtellinie.<\/p>\n\n\n\n<p class=\"wp-block-paragraph\">Die Bunkai-Prinzipien des Okinawa-Karate verdeutlichen, dass sich hinter bekannten Techniken oft weit mehr verbirgt, als man auf den ersten Blick vermutet.<\/p>\n\n\n\n<p class=\"wp-block-paragraph\">So kennen die meisten Shotokan-Karateka den Shuto-Uke als Verteidigungstechnik gegen einen Fauststo\u00df, bei der man im Idealfall zur Seite ausweicht. Rechel zeigte jedoch exemplarisch, dass der Shuto-Uke deutlich mehr M\u00f6glichkeiten bietet. Die ausholende Hand kann beispielsweise genutzt werden, um die Daumenkapsel des Angreifers anzugreifen und dessen Faust dadurch funktionsunf\u00e4hig zu machen. Jeder Karateka, der schon einmal einen Treffer gegen die Daumenkapsel erhalten hat, kennt den starken Schmerz und die eingeschr\u00e4nkte Beweglichkeit der Hand. Gleichzeitig kann die ausgestreckte offene Hand als Angriff gegen die Augen eingesetzt werden, um dem Gegner die Sicht und damit seine Handlungsm\u00f6glichkeiten zu nehmen.<\/p>\n\n\n\n<p class=\"wp-block-paragraph\">Die Okinawa-Prinzipien legen dabei einen st\u00e4rkeren Fokus auf die praxisbezogene Selbstverteidigung als auf den sportlichen Wettkampf, wie er im Shotokan-Karate, insbesondere im Kumite, verbreitet ist.<\/p>\n\n\n\n<p class=\"wp-block-paragraph\">Ein weiteres Beispiel ist die Art des Blockens. W\u00e4hrend im Shotokan viele Techniken mit der vorderen Hand ausgef\u00fchrt werden, erfolgt die Abwehr im Okinawa-Karate h\u00e4ufig mit der hinteren Hand, da die vordere Hand bereits n\u00e4her am Gegner positioniert ist und f\u00fcr andere Aktionen genutzt werden kann.<\/p>\n\n\n\n<p class=\"wp-block-paragraph\">Oft wird im Shotokan das Hikite auf das blo\u00dfe Zur\u00fcckziehen der Hand reduziert. Aus der Perspektive des Okinawa-Karate bedeutet Hikite jedoch das Greifen, Ziehen und Kontrollieren des Gegners. Durch Hikite wird ein Angreifer destabilisiert und gleichzeitig so kontrolliert, dass weitere Techniken deutlich effektiver angewendet werden k\u00f6nnen. Diese Sichtweise erweitert das Verst\u00e4ndnis von Hikite erheblich und geht weit \u00fcber das reine Zur\u00fcckziehen der Hand hinaus.<\/p>\n\n\n\n<p class=\"wp-block-paragraph\">Ein weiteres Prinzip besagt, dass derjenige, der den Kopf kontrolliert, auch die Kontrolle \u00fcber seinen Gegner besitzt. Je nach k\u00f6rperlicher Verfassung des Angreifers k\u00f6nnen Schl\u00e4ge gegen den Oberk\u00f6rper nur eine geringe Wirkung entfalten, insbesondere wenn dieser \u00fcber eine ausgepr\u00e4gte Muskulatur verf\u00fcgt. Der Kopf hingegen l\u00e4sst sich weder gezielt abh\u00e4rten noch durch Muskeln sch\u00fctzen. Deshalb richten sich viele Techniken des Okinawa-Karate auf Kopf, Hals und Intimbereich.<\/p>\n\n\n\n<p class=\"wp-block-paragraph\">Ein weiterer Unterschied zeigt sich bei der Ausf\u00fchrung von Kata. Im Shotokan wird h\u00e4ufig Wert darauf gelegt, eine Kata m\u00f6glichst auf gleichbleibender H\u00f6he auszuf\u00fchren. Im Okinawa-Karate ist es hingegen v\u00f6llig normal, die H\u00f6he w\u00e4hrend der Ausf\u00fchrung zu ver\u00e4ndern. Dies erscheint nachvollziehbar, wenn man ber\u00fccksichtigt, dass Menschen unterschiedliche k\u00f6rperliche Voraussetzungen und Gr\u00f6\u00dfen mitbringen.<\/p>\n\n\n\n<p class=\"wp-block-paragraph\">Ashi-Fumikae, die Bedeutung der Zwischenbewegung bei Blocktechniken, erm\u00f6glicht einem Karateka zudem effektives Handeln auch auf engem Raum. Wer Ashi-Fumikae beherrscht, kann durch schnelle und \u00fcberraschende Bewegungen einen Angreifer aus dem Gleichgewicht bringen und \u00fcberw\u00e4ltigen. Diese Technik hilft dabei, eine der gr\u00f6\u00dften Schw\u00e4chen vieler Karateka zu kompensieren: den Nahkampf. Viele Karateka trainieren \u00fcberwiegend auf mittlere und weite Distanz. Kommt es jedoch zum Infight, geraten viele an ihre Grenzen. Genau hier setzen die Zwischenbewegungen des Ashi-Fumikae an und k\u00f6nnen diese L\u00fccke schlie\u00dfen.<\/p>\n\n\n\n<p class=\"wp-block-paragraph\">Dieser Lehrgang zeigte eindrucksvoll, dass bekannte Techniken, aus einer anderen Perspektive betrachtet, ein ganz neues Potenzial entfalten k\u00f6nnen. Der aufmerksame und interessierte Karateka erkennt, dass sich hinter jeder Bewegung eine wirkungsvolle Anwendung verbirgt und jede Technik im Karate einen Sinn hat. Gerade deshalb war dieser Lehrgang besonders spannend und lehrreich. Es gab viel zu entdecken, was dem Karate-Auge zuvor m\u00f6glicherweise verborgen geblieben war.<\/p>\n\n\n\n<figure class=\"wp-block-image size-large\"><a href=\"https:\/\/www.rotweisskassel.de\/verein\/wp-content\/uploads\/2026\/08\/2026-08-Rechel-Bild1.jpg\"><img loading=\"lazy\" decoding=\"async\" width=\"1024\" height=\"985\" src=\"https:\/\/www.rotweisskassel.de\/verein\/wp-content\/uploads\/2026\/08\/2026-08-Rechel-Bild1-1024x985.jpg\" alt=\"Bild 1: Spartenleiter Belal Chahrour verfolgt die Ausf\u00fchrungen von Walter Rechel gut gelaunt und aufmerksam.\" class=\"wp-image-2219\" srcset=\"https:\/\/www.rotweisskassel.de\/verein\/wp-content\/uploads\/2026\/08\/2026-08-Rechel-Bild1-1024x985.jpg 1024w, https:\/\/www.rotweisskassel.de\/verein\/wp-content\/uploads\/2026\/08\/2026-08-Rechel-Bild1-300x289.jpg 300w, https:\/\/www.rotweisskassel.de\/verein\/wp-content\/uploads\/2026\/08\/2026-08-Rechel-Bild1-767x738.jpg 767w, https:\/\/www.rotweisskassel.de\/verein\/wp-content\/uploads\/2026\/08\/2026-08-Rechel-Bild1.jpg 1419w\" sizes=\"auto, (max-width: 1024px) 100vw, 1024px\" \/><\/a><figcaption class=\"wp-element-caption\">Bild 1: Spartenleiter Belal Chahrour verfolgt die Ausf\u00fchrungen von Walter Rechel gut gelaunt und aufmerksam.<\/figcaption><\/figure>\n\n\n\n<figure class=\"wp-block-image size-large\"><a href=\"https:\/\/www.rotweisskassel.de\/verein\/wp-content\/uploads\/2026\/08\/2026-08-Rechel-Bild2.jpg\"><img loading=\"lazy\" decoding=\"async\" width=\"959\" height=\"1024\" src=\"https:\/\/www.rotweisskassel.de\/verein\/wp-content\/uploads\/2026\/08\/2026-08-Rechel-Bild2-959x1024.jpg\" alt=\"Bild 2: Von links: Belal Chahrour, Walter Rechel und Volker Vogel beim Lehrgang.\" class=\"wp-image-2221\" srcset=\"https:\/\/www.rotweisskassel.de\/verein\/wp-content\/uploads\/2026\/08\/2026-08-Rechel-Bild2-959x1024.jpg 959w, https:\/\/www.rotweisskassel.de\/verein\/wp-content\/uploads\/2026\/08\/2026-08-Rechel-Bild2-281x300.jpg 281w, https:\/\/www.rotweisskassel.de\/verein\/wp-content\/uploads\/2026\/08\/2026-08-Rechel-Bild2-768x820.jpg 768w, https:\/\/www.rotweisskassel.de\/verein\/wp-content\/uploads\/2026\/08\/2026-08-Rechel-Bild2-1438x1536.jpg 1438w, https:\/\/www.rotweisskassel.de\/verein\/wp-content\/uploads\/2026\/08\/2026-08-Rechel-Bild2-1918x2048.jpg 1918w\" sizes=\"auto, (max-width: 959px) 100vw, 959px\" \/><\/a><figcaption class=\"wp-element-caption\">Bild 2: Von links: Belal Chahrour, Walter Rechel und Volker Vogel beim Lehrgang.<\/figcaption><\/figure>\n\n\n\n<p class=\"wp-block-paragraph\"><\/p>\n","protected":false},"excerpt":{"rendered":"<div class=\"mh-excerpt\"><p>Am 22.08. fand in Schauenburg-Hoof ein besonderer Karatelehrgang mit Walter Rechel (8. Dan) statt. Vom SV Rot-Wei\u00df Kassel e.V. nahmen Trainer Volker Vogel und Spartenleiter <a class=\"mh-excerpt-more\" href=\"https:\/\/www.rotweisskassel.de\/verein\/blog\/2026\/08\/31\/okinawa-karate-mit-walter-rechel\/\" title=\"Okinawa-Karate mit Walter Rechel\">[&#8230;]<\/a><\/p>\n<\/div>","protected":false},"author":10,"featured_media":2219,"comment_status":"closed","ping_status":"open","sticky":false,"template":"","format":"standard","meta":{"ngg_post_thumbnail":0,"footnotes":""},"categories":[1,3,88,308,2],"tags":[370,328,136,369,339,344,333,50],"class_list":["post-2217","post","type-post","status-publish","format-standard","has-post-thumbnail","hentry","category-allgemein","category-karate","category-kurse","category-selbstverteidigung","category-verein","tag-8-dan","tag-hoof","tag-karate","tag-okinawa","tag-rechel","tag-schauenburg","tag-seminar","tag-sv"],"_links":{"self":[{"href":"https:\/\/www.rotweisskassel.de\/verein\/wp-json\/wp\/v2\/posts\/2217","targetHints":{"allow":["GET"]}}],"collection":[{"href":"https:\/\/www.rotweisskassel.de\/verein\/wp-json\/wp\/v2\/posts"}],"about":[{"href":"https:\/\/www.rotweisskassel.de\/verein\/wp-json\/wp\/v2\/types\/post"}],"author":[{"embeddable":true,"href":"https:\/\/www.rotweisskassel.de\/verein\/wp-json\/wp\/v2\/users\/10"}],"replies":[{"embeddable":true,"href":"https:\/\/www.rotweisskassel.de\/verein\/wp-json\/wp\/v2\/comments?post=2217"}],"version-history":[{"count":5,"href":"https:\/\/www.rotweisskassel.de\/verein\/wp-json\/wp\/v2\/posts\/2217\/revisions"}],"predecessor-version":[{"id":2224,"href":"https:\/\/www.rotweisskassel.de\/verein\/wp-json\/wp\/v2\/posts\/2217\/revisions\/2224"}],"wp:featuredmedia":[{"embeddable":true,"href":"https:\/\/www.rotweisskassel.de\/verein\/wp-json\/wp\/v2\/media\/2219"}],"wp:attachment":[{"href":"https:\/\/www.rotweisskassel.de\/verein\/wp-json\/wp\/v2\/media?parent=2217"}],"wp:term":[{"taxonomy":"category","embeddable":true,"href":"https:\/\/www.rotweisskassel.de\/verein\/wp-json\/wp\/v2\/categories?post=2217"},{"taxonomy":"post_tag","embeddable":true,"href":"https:\/\/www.rotweisskassel.de\/verein\/wp-json\/wp\/v2\/tags?post=2217"}],"curies":[{"name":"wp","href":"https:\/\/api.w.org\/{rel}","templated":true}]}}