{"id":2116,"date":"2026-01-27T17:17:40","date_gmt":"2026-01-27T15:17:40","guid":{"rendered":"https:\/\/www.rotweisskassel.de\/verein\/?p=2116"},"modified":"2026-01-27T17:21:34","modified_gmt":"2026-01-27T15:21:34","slug":"nordhessische-karateka-trafen-sich-in-bebra","status":"publish","type":"post","link":"https:\/\/www.rotweisskassel.de\/verein\/blog\/2026\/01\/27\/nordhessische-karateka-trafen-sich-in-bebra\/","title":{"rendered":"Nordhessische Karateka trafen sich in Bebra"},"content":{"rendered":"\n<p><br>Am 24.01. fand ein Selbstverteidigungslehrgang beim Karate-Verein Bebra statt. Anhand der sogenannten \u201eSch\u00fclerkata\u201c Heian Yondan sollten wirksame Techniken zur Selbstverteidigung gezeigt und umgesetzt werden. <\/p>\n\n\n\n<p>Auf dem Lehrgang waren einige nordhessische Karateka anwesend, die mit der Karate-Sparte des Rot-Wei\u00df Kassel freundschaftliche Beziehungen pflegen. Dazu geh\u00f6rten unter anderem Lenz Hocher vom TV 1891 Hoof e.V., Dennis Just vom SV Harleshausen 1945 e.V., Paul Miller vom Hochschulsport sowie unser Spartenleiter Karate Belal Chahrour. <\/p>\n\n\n\n<p>Der Lehrgang war gut besucht; von Jugendlichen bis Menschen im h\u00f6heren Alter war alles vertreten. Die Shotokan-Kata Heian Yondan bietet zahlreiche Techniken und Bewegungsmuster f\u00fcr den Kampf in der Nahdistanz. Die Inhalte der Kata wurden praxisnah interpretiert und auf realistische selbstverteidigungssituationen \u00fcbertragen. Geleitet wurde der Lehrgang von den Trainern J\u00fcrgen Wacker und J\u00fcrgen Dach des Karate-Vereins Bebra 1980 e.V., die im Bereich SV \u00fcber ein tiefgehendes fachliches Verst\u00e4ndnis verf\u00fcgen. <\/p>\n\n\n\n<p>F\u00fcr Shotokan-Karateka wie Belal war der Lehrgang eine Bereicherung. Anfangs war es eine gro\u00dfe Umstellung, vom Distanz- in den Nahkampf zu kommen und aus flexiblen Stellungen zu agieren, gerade weil zwischen Wettkampf- und angewandtem Karate ein gro\u00dfer Unterschied besteht. Distanzen und Kontakt, der Kampf auf engsten Raum, haben eine wichtige Rolle gespielt. <\/p>\n\n\n\n<p>Der Lehrgang zeigte, wie effektiv angewandtes Karate ist und dass das angewandte Karate f\u00fcr uns Shotokan-Karateka einen gro\u00dfen Mehrwert liefert. Mit ihrem hohen Praxisbezug gelang es J\u00fcrgen Wacker und J\u00fcrgen Dach, die Lehrgangsteilnehmer nachhaltig zu begeistern und sportlich wie inhaltlich weiterzubilden. Trotz der intensiven Trainingseinheiten kam auch der Spa\u00df nicht zu kurz. Dieser Lehrgang in Bebra war erneut eine Bereicherung f\u00fcr uns.<\/p>\n\n\n\n<figure class=\"wp-block-image size-large\"><a href=\"https:\/\/www.rotweisskassel.de\/verein\/wp-content\/uploads\/2026\/01\/Bild2Bebra24012026.jpg\"><img loading=\"lazy\" decoding=\"async\" width=\"1024\" height=\"1010\" src=\"https:\/\/www.rotweisskassel.de\/verein\/wp-content\/uploads\/2026\/01\/Bild2Bebra24012026-1024x1010.jpg\" alt=\"Einige Karateka aus Nordhessen waren anwesend. Von links \u2013 J\u00fcrgen Dach, Paul, Belal, Dennis, Lenz und J\u00fcrgen Wacker.\" class=\"wp-image-2119\" srcset=\"https:\/\/www.rotweisskassel.de\/verein\/wp-content\/uploads\/2026\/01\/Bild2Bebra24012026-1024x1010.jpg 1024w, https:\/\/www.rotweisskassel.de\/verein\/wp-content\/uploads\/2026\/01\/Bild2Bebra24012026-300x296.jpg 300w, https:\/\/www.rotweisskassel.de\/verein\/wp-content\/uploads\/2026\/01\/Bild2Bebra24012026-768x757.jpg 768w, https:\/\/www.rotweisskassel.de\/verein\/wp-content\/uploads\/2026\/01\/Bild2Bebra24012026.jpg 1080w\" sizes=\"auto, (max-width: 1024px) 100vw, 1024px\" \/><\/a><figcaption class=\"wp-element-caption\">Einige Karateka aus Nordhessen waren anwesend. Von links \u2013 J\u00fcrgen Dach, Paul, Belal, Dennis, Lenz und J\u00fcrgen Wacker.<\/figcaption><\/figure>\n","protected":false},"excerpt":{"rendered":"<div class=\"mh-excerpt\"><p>Am 24.01. fand ein Selbstverteidigungslehrgang beim Karate-Verein Bebra statt. Anhand der sogenannten \u201eSch\u00fclerkata\u201c Heian Yondan sollten wirksame Techniken zur Selbstverteidigung gezeigt und umgesetzt werden. Auf <a class=\"mh-excerpt-more\" href=\"https:\/\/www.rotweisskassel.de\/verein\/blog\/2026\/01\/27\/nordhessische-karateka-trafen-sich-in-bebra\/\" title=\"Nordhessische Karateka trafen sich in Bebra\">[&#8230;]<\/a><\/p>\n<\/div>","protected":false},"author":10,"featured_media":2118,"comment_status":"closed","ping_status":"open","sticky":false,"template":"","format":"standard","meta":{"ngg_post_thumbnail":0,"footnotes":""},"categories":[1,3,308],"tags":[364,340,30,333,50,15],"class_list":["post-2116","post","type-post","status-publish","format-standard","has-post-thumbnail","hentry","category-allgemein","category-karate","category-selbstverteidigung","tag-364","tag-bebra","tag-selbstverteidigung","tag-seminar","tag-sv","tag-training"],"_links":{"self":[{"href":"https:\/\/www.rotweisskassel.de\/verein\/wp-json\/wp\/v2\/posts\/2116","targetHints":{"allow":["GET"]}}],"collection":[{"href":"https:\/\/www.rotweisskassel.de\/verein\/wp-json\/wp\/v2\/posts"}],"about":[{"href":"https:\/\/www.rotweisskassel.de\/verein\/wp-json\/wp\/v2\/types\/post"}],"author":[{"embeddable":true,"href":"https:\/\/www.rotweisskassel.de\/verein\/wp-json\/wp\/v2\/users\/10"}],"replies":[{"embeddable":true,"href":"https:\/\/www.rotweisskassel.de\/verein\/wp-json\/wp\/v2\/comments?post=2116"}],"version-history":[{"count":4,"href":"https:\/\/www.rotweisskassel.de\/verein\/wp-json\/wp\/v2\/posts\/2116\/revisions"}],"predecessor-version":[{"id":2122,"href":"https:\/\/www.rotweisskassel.de\/verein\/wp-json\/wp\/v2\/posts\/2116\/revisions\/2122"}],"wp:featuredmedia":[{"embeddable":true,"href":"https:\/\/www.rotweisskassel.de\/verein\/wp-json\/wp\/v2\/media\/2118"}],"wp:attachment":[{"href":"https:\/\/www.rotweisskassel.de\/verein\/wp-json\/wp\/v2\/media?parent=2116"}],"wp:term":[{"taxonomy":"category","embeddable":true,"href":"https:\/\/www.rotweisskassel.de\/verein\/wp-json\/wp\/v2\/categories?post=2116"},{"taxonomy":"post_tag","embeddable":true,"href":"https:\/\/www.rotweisskassel.de\/verein\/wp-json\/wp\/v2\/tags?post=2116"}],"curies":[{"name":"wp","href":"https:\/\/api.w.org\/{rel}","templated":true}]}}