{"id":2026,"date":"2025-09-14T18:58:05","date_gmt":"2025-09-14T16:58:05","guid":{"rendered":"https:\/\/www.rotweisskassel.de\/verein\/?p=2026"},"modified":"2025-09-14T19:11:35","modified_gmt":"2025-09-14T17:11:35","slug":"sv-lehrer-stufe-2-deutscher-karate-verband","status":"publish","type":"post","link":"https:\/\/www.rotweisskassel.de\/verein\/blog\/2025\/09\/14\/sv-lehrer-stufe-2-deutscher-karate-verband\/","title":{"rendered":"SV-Lehrer Stufe 2 (Deutscher Karate Verband)"},"content":{"rendered":"\n<p>Vom 28. bis zum 31.08.2025 fand die SV-Lehrer Stufe 2 (Selbstverteidigung) Ausbildung an der Sportschule Hennef statt. <strong>Unser Karate Spartenleiter Belal Chahrour <\/strong>nahm, zusammen mit Dennis Just von der Sportvereinigung Harleshausen und Paul Erzkamp von der Sportvereinigung Auedamm, daran teil. Die Ausbildungsstruktur der viert\u00e4gigen Veranstaltung umfasste etwa 70% Praxis- und 30% Theorieanteile.<\/p>\n\n\n\n<p>Nach der Begr\u00fc\u00dfung durch die drei Ausbilder ging es z\u00fcgig in die Wiederholung der SV Grundtechniken aus der Stufe 1 Bronze Ausbildung als Warm Up. Der Fokus lag zu Beginn auf Konsolidierung und dem technischen Fundament in der Partner\u00fcbung. Aufbauend auf die Basis-Techniken vom letzten SV-Kurs wurden die Inhalte vertieft. Auf der Tagesordnung standen erweiterte Techniken gegen komplexere Angriffe, dazu z\u00e4hlten die Verteidigung gegen mehrere Angreifer unter erschwerten Bedingungen mit Stress und Zeitdruck. Aber auch die Integration von Deeskalationstechniken und K\u00f6rpersprache unter realistischen Bedingungen wurden ge\u00fcbt.<\/p>\n\n\n\n<p>in H\u00f6hepunkt der Stufe 2 Ausbildung war die Abwehr eines Messerangriffs mit roter Kunstfarbe. In einem engen Gang standen sich Verteidiger und Angreifer mit Messer gegen\u00fcber. Eine Fluchtm\u00f6glichkeit war nicht gegeben. Die Verteidiger trugen ein helles T-Shirt und die Angreifer waren mit einem Plastikmesser mit roter Farbe \u201ebewaffnet\u201c. Die \u00dcbung diente der Wahrnehmung und Selbsteinsch\u00e4tzung der Verteidigungsf\u00e4higkeit bei einem realistischen Messerangriff. Die \u00dcbenden mussten feststellen, dass die Verteidigung gegen\u00fcber einem Messerangreifer hoch komplex und gef\u00e4hrlich zugleich ist. Dieser Einblick in die Selbstverteidigung gegen einen Messerangreifer war f\u00fcr die Anwesenden einpr\u00e4gsam.<\/p>\n\n\n\n<p>Am dritten Trainingstag standen schwei\u00dftreibende \u00dcbungen an unterschiedlichen Stationen im Mittelpunkt. Der Bodenkampf kam nicht zu kurz, neben dem sicheren Fallen und K\u00e4mpfen am Boden stand auch das sichere Aufstehen vom Boden auf dem Trainingsplan. Inhaltlich wurde der Umgang mit der Situation trainiert, zu Boden zu fallen und weiterhin angegriffen zu werden.<\/p>\n\n\n\n<p>Der H\u00f6hepunkt des letzten Trainingstages bildete ein Parkour, der im Zweierteam zus\u00e4tzlich mit einem Dummy bew\u00e4ltigt werden musste. Diese letzte \u00dcbung ben\u00f6tigte Kraft, Ausdauer und den Willen, zu zweit inklusive Dummy das Ziel zu erreichen. Am Ende waren die Teilnehmer ersch\u00f6pft, und dennoch \u00fcber ihre erbrachte Leistung zufrieden.<\/p>\n\n\n\n<p>Nach drei Tagen intensiven, k\u00f6rperlichen Trainings folgte am letzten Tag eine theoretische Einheit. Es ging unter anderem um die Didaktik und Methodik von SV-Trainingseinheiten und um Zielgruppenorientierung (z.B. unterschiedliche Altersstufen und Kontexte). Die rechtlichen Aspekte und die T\u00e4ter-Opfer-Psychologie fanden auch Raum. Die SV-Weiterbildung ist f\u00fcr jeden Karateka eine Bereicherung in Bezug auf die stra\u00dfenbezogene Selbstverteidigung. Unser Spartenleiter wird seine F\u00e4higkeiten und Kenntnisse in diesem Bereich auch weiterhin erweitern.<\/p>\n\n\n<div class=\"wp-block-image\">\n<figure class=\"aligncenter size-large is-resized\"><a href=\"https:\/\/www.rotweisskassel.de\/verein\/wp-content\/uploads\/2025\/09\/Bild2_UrkundePatch-scaled.jpg\"><img loading=\"lazy\" decoding=\"async\" width=\"771\" height=\"1024\" src=\"https:\/\/www.rotweisskassel.de\/verein\/wp-content\/uploads\/2025\/09\/Bild2_UrkundePatch-771x1024.jpg\" alt=\"SV Lehrer Deutscher Karate Verband\" class=\"wp-image-2028\" style=\"width:363px;height:auto\" srcset=\"https:\/\/www.rotweisskassel.de\/verein\/wp-content\/uploads\/2025\/09\/Bild2_UrkundePatch-771x1024.jpg 771w, https:\/\/www.rotweisskassel.de\/verein\/wp-content\/uploads\/2025\/09\/Bild2_UrkundePatch-226x300.jpg 226w, https:\/\/www.rotweisskassel.de\/verein\/wp-content\/uploads\/2025\/09\/Bild2_UrkundePatch-768x1020.jpg 768w, https:\/\/www.rotweisskassel.de\/verein\/wp-content\/uploads\/2025\/09\/Bild2_UrkundePatch-1157x1536.jpg 1157w, https:\/\/www.rotweisskassel.de\/verein\/wp-content\/uploads\/2025\/09\/Bild2_UrkundePatch-1542x2048.jpg 1542w, https:\/\/www.rotweisskassel.de\/verein\/wp-content\/uploads\/2025\/09\/Bild2_UrkundePatch-scaled.jpg 1928w\" sizes=\"auto, (max-width: 771px) 100vw, 771px\" \/><\/a><figcaption class=\"wp-element-caption\">Nach erfolgreicher Teilnahme an der SV-Lehrer Stufe 2 Ausbildung gab es eine Urkunde mit einem dazugeh\u00f6rigen Patch f\u00fcr den Karate-Gi.<\/figcaption><\/figure>\n<\/div>","protected":false},"excerpt":{"rendered":"<div class=\"mh-excerpt\"><p>Vom 28. bis zum 31.08.2025 fand die SV-Lehrer Stufe 2 (Selbstverteidigung) Ausbildung an der Sportschule Hennef statt. Unser Karate Spartenleiter Belal Chahrour nahm, zusammen mit <a class=\"mh-excerpt-more\" href=\"https:\/\/www.rotweisskassel.de\/verein\/blog\/2025\/09\/14\/sv-lehrer-stufe-2-deutscher-karate-verband\/\" title=\"SV-Lehrer Stufe 2 (Deutscher Karate Verband)\">[&#8230;]<\/a><\/p>\n<\/div>","protected":false},"author":10,"featured_media":2030,"comment_status":"closed","ping_status":"open","sticky":false,"template":"","format":"standard","meta":{"ngg_post_thumbnail":0,"footnotes":""},"categories":[1,3,308],"tags":[329,347,349,351,136,350,348,30,50],"class_list":["post-2026","post","type-post","status-publish","format-standard","has-post-thumbnail","hentry","category-allgemein","category-karate","category-selbstverteidigung","tag-329","tag-abwehr","tag-ausbildung","tag-dkv","tag-karate","tag-lehrer","tag-messer","tag-selbstverteidigung","tag-sv"],"_links":{"self":[{"href":"https:\/\/www.rotweisskassel.de\/verein\/wp-json\/wp\/v2\/posts\/2026","targetHints":{"allow":["GET"]}}],"collection":[{"href":"https:\/\/www.rotweisskassel.de\/verein\/wp-json\/wp\/v2\/posts"}],"about":[{"href":"https:\/\/www.rotweisskassel.de\/verein\/wp-json\/wp\/v2\/types\/post"}],"author":[{"embeddable":true,"href":"https:\/\/www.rotweisskassel.de\/verein\/wp-json\/wp\/v2\/users\/10"}],"replies":[{"embeddable":true,"href":"https:\/\/www.rotweisskassel.de\/verein\/wp-json\/wp\/v2\/comments?post=2026"}],"version-history":[{"count":6,"href":"https:\/\/www.rotweisskassel.de\/verein\/wp-json\/wp\/v2\/posts\/2026\/revisions"}],"predecessor-version":[{"id":2034,"href":"https:\/\/www.rotweisskassel.de\/verein\/wp-json\/wp\/v2\/posts\/2026\/revisions\/2034"}],"wp:featuredmedia":[{"embeddable":true,"href":"https:\/\/www.rotweisskassel.de\/verein\/wp-json\/wp\/v2\/media\/2030"}],"wp:attachment":[{"href":"https:\/\/www.rotweisskassel.de\/verein\/wp-json\/wp\/v2\/media?parent=2026"}],"wp:term":[{"taxonomy":"category","embeddable":true,"href":"https:\/\/www.rotweisskassel.de\/verein\/wp-json\/wp\/v2\/categories?post=2026"},{"taxonomy":"post_tag","embeddable":true,"href":"https:\/\/www.rotweisskassel.de\/verein\/wp-json\/wp\/v2\/tags?post=2026"}],"curies":[{"name":"wp","href":"https:\/\/api.w.org\/{rel}","templated":true}]}}