{"id":2006,"date":"2025-07-07T12:29:35","date_gmt":"2025-07-07T10:29:35","guid":{"rendered":"https:\/\/www.rotweisskassel.de\/verein\/?p=2006"},"modified":"2025-09-14T19:05:35","modified_gmt":"2025-09-14T17:05:35","slug":"besuch-eines-kata-und-bunkai-lehrgang","status":"publish","type":"post","link":"https:\/\/www.rotweisskassel.de\/verein\/blog\/2025\/07\/07\/besuch-eines-kata-und-bunkai-lehrgang\/","title":{"rendered":"Besuch eines Kata- und Bunkai-Lehrgang"},"content":{"rendered":"\n<p><a><\/a> Am 21. Juni 2025 fand in G\u00f6ttingen ein Kata- und Bunkai-Lehrgang statt. Unter der Leitung von Michael Lechte (8. Dan) wurde die Kata Bassai sh\u00f4 (Die Mauer zerst\u00f6ren &#8211; klein) behandelt. An dem Lehrgang haben von der Sparte Karate des SV Rot-Wei\u00df Kassel e.V. der Trainer Volker Vogel und Spartenleiter Belal Chahrour teilgenommen. F\u00fcr Volker Vogel war es eine Premiere, sein erster Lehrgang bei Lechte.<\/p>\n\n\n\n<p>Gleich zu Beginn f\u00fchrte Lechte die anwesenden Karateka (Mensch, der Karate praktiziert) \u00fcber die Bunkai (Analysieren und Verstehen einer Technik oder Kata) an die Kata (Form) heran. Schon die erste Technik der Bassai sh\u00f4 ist als Hebel interpretiert und somit f\u00fcr die Selbstverteidigung bei einem Griff am Handgelenk geeignet. Typische Bassai sh\u00f4 Anwendungen, sind die Stockverteidigungen, diese sind immer wieder in der Karate Literatur anzutreffen. Von diesen Ans\u00e4tzen distanziert sich Lechte w\u00e4hrend der Bunkai \u00dcbungen. Seiner Meinung nach w\u00fcrden heutige Angreifer nicht mit einem sehr langen Stock umherlaufen. Dementsprechend muss die Bunkai einer realistischen Bedrohungslage auf der Stra\u00dfe angepasst werden. Keine trockene Theorie \u00fcber Stockangriffe, kein eint\u00f6niges Nachlaufen der Form, sondern das direkte Erleben der Anwendungen standen im Mittelpunkt und haben so manchen Karateka an die Grenzen der Konzentration gebracht. Zur Vollst\u00e4ndigkeit sollte erw\u00e4hnt werden, dass es an dem Tag besonders warm war, was f\u00fcr die Karateka eine zus\u00e4tzliche Herausforderung darstellte.<\/p>\n\n\n\n<p>Lechte ist es immer wieder gelungen direkte Bez\u00fcge zur stra\u00dfenbezogenen Selbstverteidigung zu schaffen. Letztendlich entstand die Kata aus dem Tun. Nach der lehrreichen Partner\u00fcbung wurde die Bassai sh\u00f4 als nat\u00fcrliche Konsequenz aus dem Erlebten aufgebaut.<\/p>\n\n\n\n<p>Am Ende des Kata- und Bunkai-Lehrgangs hat Michael Lechte den Karateka eine Botschaft mitgegeben:<\/p>\n\n\n\n<p>\u201eWenn du die Anwendung verstehst, lebt die Kata.\u201c<\/p>\n\n\n\n<figure class=\"wp-block-image size-large\"><a href=\"https:\/\/www.rotweisskassel.de\/verein\/wp-content\/uploads\/2025\/07\/Bild-2-Belal-Chahrour-Stefan-Weiss-21062025-scaled.jpg\"><img loading=\"lazy\" decoding=\"async\" width=\"775\" height=\"1024\" src=\"https:\/\/www.rotweisskassel.de\/verein\/wp-content\/uploads\/2025\/07\/Bild-2-Belal-Chahrour-Stefan-Weiss-21062025-775x1024.jpg\" alt=\"\" class=\"wp-image-2010\" srcset=\"https:\/\/www.rotweisskassel.de\/verein\/wp-content\/uploads\/2025\/07\/Bild-2-Belal-Chahrour-Stefan-Weiss-21062025-775x1024.jpg 775w, https:\/\/www.rotweisskassel.de\/verein\/wp-content\/uploads\/2025\/07\/Bild-2-Belal-Chahrour-Stefan-Weiss-21062025-227x300.jpg 227w, https:\/\/www.rotweisskassel.de\/verein\/wp-content\/uploads\/2025\/07\/Bild-2-Belal-Chahrour-Stefan-Weiss-21062025-768x1014.jpg 768w, https:\/\/www.rotweisskassel.de\/verein\/wp-content\/uploads\/2025\/07\/Bild-2-Belal-Chahrour-Stefan-Weiss-21062025-1163x1536.jpg 1163w, https:\/\/www.rotweisskassel.de\/verein\/wp-content\/uploads\/2025\/07\/Bild-2-Belal-Chahrour-Stefan-Weiss-21062025-1551x2048.jpg 1551w, https:\/\/www.rotweisskassel.de\/verein\/wp-content\/uploads\/2025\/07\/Bild-2-Belal-Chahrour-Stefan-Weiss-21062025-scaled.jpg 1939w\" sizes=\"auto, (max-width: 775px) 100vw, 775px\" \/><\/a><figcaption class=\"wp-element-caption\"><br>Netzwerke unter Karateka sind wichtig. Belal neben Stefan Wei\u00df, einem Karateka des Budokan G\u00f6ttingen e.V.<\/figcaption><\/figure>\n\n\n\n<p><\/p>\n","protected":false},"excerpt":{"rendered":"<div class=\"mh-excerpt\"><p>Am 21. Juni 2025 fand in G\u00f6ttingen ein Kata- und Bunkai-Lehrgang statt. Unter der Leitung von Michael Lechte (8. Dan) wurde die Kata Bassai sh\u00f4 <a class=\"mh-excerpt-more\" href=\"https:\/\/www.rotweisskassel.de\/verein\/blog\/2025\/07\/07\/besuch-eines-kata-und-bunkai-lehrgang\/\" title=\"Besuch eines Kata- und Bunkai-Lehrgang\">[&#8230;]<\/a><\/p>\n<\/div>","protected":false},"author":10,"featured_media":2014,"comment_status":"closed","ping_status":"open","sticky":false,"template":"","format":"standard","meta":{"ngg_post_thumbnail":0,"footnotes":""},"categories":[3],"tags":[329,130,342,127],"class_list":["post-2006","post","type-post","status-publish","format-standard","has-post-thumbnail","hentry","category-karate","tag-329","tag-bunkai","tag-goettingen","tag-kata"],"_links":{"self":[{"href":"https:\/\/www.rotweisskassel.de\/verein\/wp-json\/wp\/v2\/posts\/2006","targetHints":{"allow":["GET"]}}],"collection":[{"href":"https:\/\/www.rotweisskassel.de\/verein\/wp-json\/wp\/v2\/posts"}],"about":[{"href":"https:\/\/www.rotweisskassel.de\/verein\/wp-json\/wp\/v2\/types\/post"}],"author":[{"embeddable":true,"href":"https:\/\/www.rotweisskassel.de\/verein\/wp-json\/wp\/v2\/users\/10"}],"replies":[{"embeddable":true,"href":"https:\/\/www.rotweisskassel.de\/verein\/wp-json\/wp\/v2\/comments?post=2006"}],"version-history":[{"count":2,"href":"https:\/\/www.rotweisskassel.de\/verein\/wp-json\/wp\/v2\/posts\/2006\/revisions"}],"predecessor-version":[{"id":2011,"href":"https:\/\/www.rotweisskassel.de\/verein\/wp-json\/wp\/v2\/posts\/2006\/revisions\/2011"}],"wp:featuredmedia":[{"embeddable":true,"href":"https:\/\/www.rotweisskassel.de\/verein\/wp-json\/wp\/v2\/media\/2014"}],"wp:attachment":[{"href":"https:\/\/www.rotweisskassel.de\/verein\/wp-json\/wp\/v2\/media?parent=2006"}],"wp:term":[{"taxonomy":"category","embeddable":true,"href":"https:\/\/www.rotweisskassel.de\/verein\/wp-json\/wp\/v2\/categories?post=2006"},{"taxonomy":"post_tag","embeddable":true,"href":"https:\/\/www.rotweisskassel.de\/verein\/wp-json\/wp\/v2\/tags?post=2006"}],"curies":[{"name":"wp","href":"https:\/\/api.w.org\/{rel}","templated":true}]}}