{"id":1645,"date":"2023-03-18T20:57:06","date_gmt":"2023-03-18T18:57:06","guid":{"rendered":"https:\/\/www.rotweisskassel.de\/verein\/?p=1645"},"modified":"2023-03-25T17:22:11","modified_gmt":"2023-03-25T15:22:11","slug":"mitgliederversammlung-2023","status":"publish","type":"post","link":"https:\/\/www.rotweisskassel.de\/verein\/blog\/2023\/03\/18\/mitgliederversammlung-2023\/","title":{"rendered":"Mitgliederversammlung 2023"},"content":{"rendered":"\n<p>Zur diesj\u00e4hrigen Jahreshauptversammlung trafen wir uns im hessischen Hof in Waldau.<\/p>\n\n\n\n<p>Aus den Berichten des Vorstandes erfuhren wir, dass unser Verein verh\u00e4ltnism\u00e4\u00dfig sehr gut durch die Corona Krise gekommen ist, die so viele Vereine hart getroffen hat. Beim SV Rot-Wei\u00df Kassel e.V. ist die Mitgliederzahl und die Finanzen stabil. <\/p>\n\n\n\n<p>Dies berichteten auch die Spartenleiter. F\u00fcr die Sparte Jujtsu berichtet Armin Wenzel, die Sparte l\u00e4uft stabil und es wurde vor kurzem eine sehr erfolgreiche Pr\u00fcfung durchgef\u00fchrt. <\/p>\n\n\n\n<p>F\u00fcr die Sparte Selbstverteidigung berichtete Thomas Wagner,  die Mitgliederzahl ist insbesondere nach eine Werbeaktion auf der waldauer Entenkirmes gut gewachsen.<\/p>\n\n\n\n<p>F\u00fcr die Sparte Karate berichtete Peter Schr\u00f6der. Er lobte die gute Zusammenarbeit mit anderen Kasseler Karate Vereinen und den tollen Lehrgang, der im letzten Jahr als Kooperation statt fand.<\/p>\n\n\n\n<p>Mit einem Geschenkgutschein wurden f\u00fcr 10j\u00e4hrige Vereinsmitgliedschaft geehrt: Janetje Egbert (Jujutsu) und Gaby Leister (Karate).<\/p>\n\n\n\n<p>Der erste Vorsitzende Armin Wenzel schlo\u00df die harmonische Sitzung. Danach sa\u00dfen wir noch l\u00e4nger bei einem Essen und guten Gespr\u00e4chen.<\/p>\n","protected":false},"excerpt":{"rendered":"<div class=\"mh-excerpt\"><p>Zur diesj\u00e4hrigen Jahreshauptversammlung trafen wir uns im hessischen Hof in Waldau. Aus den Berichten des Vorstandes erfuhren wir, dass unser Verein verh\u00e4ltnism\u00e4\u00dfig sehr gut durch <a class=\"mh-excerpt-more\" href=\"https:\/\/www.rotweisskassel.de\/verein\/blog\/2023\/03\/18\/mitgliederversammlung-2023\/\" title=\"Mitgliederversammlung 2023\">[&#8230;]<\/a><\/p>\n<\/div>","protected":false},"author":4,"featured_media":1646,"comment_status":"closed","ping_status":"open","sticky":false,"template":"","format":"standard","meta":{"ngg_post_thumbnail":0,"footnotes":""},"categories":[1,2],"tags":[306,56,135,307],"class_list":["post-1645","post","type-post","status-publish","format-standard","has-post-thumbnail","hentry","category-allgemein","category-verein","tag-306","tag-mitglieder","tag-verein","tag-versammlung"],"_links":{"self":[{"href":"https:\/\/www.rotweisskassel.de\/verein\/wp-json\/wp\/v2\/posts\/1645","targetHints":{"allow":["GET"]}}],"collection":[{"href":"https:\/\/www.rotweisskassel.de\/verein\/wp-json\/wp\/v2\/posts"}],"about":[{"href":"https:\/\/www.rotweisskassel.de\/verein\/wp-json\/wp\/v2\/types\/post"}],"author":[{"embeddable":true,"href":"https:\/\/www.rotweisskassel.de\/verein\/wp-json\/wp\/v2\/users\/4"}],"replies":[{"embeddable":true,"href":"https:\/\/www.rotweisskassel.de\/verein\/wp-json\/wp\/v2\/comments?post=1645"}],"version-history":[{"count":3,"href":"https:\/\/www.rotweisskassel.de\/verein\/wp-json\/wp\/v2\/posts\/1645\/revisions"}],"predecessor-version":[{"id":1649,"href":"https:\/\/www.rotweisskassel.de\/verein\/wp-json\/wp\/v2\/posts\/1645\/revisions\/1649"}],"wp:featuredmedia":[{"embeddable":true,"href":"https:\/\/www.rotweisskassel.de\/verein\/wp-json\/wp\/v2\/media\/1646"}],"wp:attachment":[{"href":"https:\/\/www.rotweisskassel.de\/verein\/wp-json\/wp\/v2\/media?parent=1645"}],"wp:term":[{"taxonomy":"category","embeddable":true,"href":"https:\/\/www.rotweisskassel.de\/verein\/wp-json\/wp\/v2\/categories?post=1645"},{"taxonomy":"post_tag","embeddable":true,"href":"https:\/\/www.rotweisskassel.de\/verein\/wp-json\/wp\/v2\/tags?post=1645"}],"curies":[{"name":"wp","href":"https:\/\/api.w.org\/{rel}","templated":true}]}}