{"id":1369,"date":"2020-03-18T21:22:13","date_gmt":"2020-03-18T19:22:13","guid":{"rendered":"http:\/\/www.rotweisskassel.de\/verein\/?p=1369"},"modified":"2020-03-24T20:55:16","modified_gmt":"2020-03-24T18:55:16","slug":"absage-verschiebung-der-mitgliederversammlung-am-27-03-2020","status":"publish","type":"post","link":"https:\/\/www.rotweisskassel.de\/verein\/blog\/2020\/03\/18\/absage-verschiebung-der-mitgliederversammlung-am-27-03-2020\/","title":{"rendered":"Absage\/Verschiebung der Mitgliederversammlung am 27.03.2020"},"content":{"rendered":"\n<p>Sehr geehrte Mitglieder, Trainer und Eltern, Auf Grund der Ausbreitung des hochansteckenden Covid-19 Virus (Corona) der das \u00f6ffentliche Leben lahmlegt, ist es notwendig geworden, dass Versammlungen mit sozialen Kontakten eingeschr\u00e4nkt werden! Aufgrund von schon geschlossenen Schulen, Kinderg\u00e4rten, Sportst\u00e4tten und s\u00e4mtlicher Gro\u00dfveranstaltungen, sind von Beh\u00f6rden ,Gesundheits\u00e4mtern das Ziel ausgesprochen worden, die Infektionsketten zu verlangsamen. Auch der Landessportbund Hessen hat alle Veranstaltungen bis zu den Osterferien abgesagt. Somit hat der Vorstand der SV Rot Weiss Kassel e.V. beschlossen, auch aus Gr\u00fcnden der F\u00fcrsorgepflicht, die Mitgliederversammlung am 27.03.2020 abzusagen! Wir hoffen bis Mitte April einen neuen Termin Vorschlagen k\u00f6nnen, aber wir m\u00fcssen davon ausgehen, dass dies noch l\u00e4nger dauern k\u00f6nnte! <strong>Der Trainingsbetrieb, ist durch die Schlie\u00dfung s\u00e4mtlicher Sportst\u00e4tten, bis Ende April eingestellt! <\/strong>Wir w\u00fcnschen Euch, dass Ihr diese Epidemie unbeschadet \u00fcbersteht. <\/p>\n\n\n\n<p>Viele Gr\u00fc\u00dfe <\/p>\n\n\n\n<p>Der Vorstand des Rot Weiss Kassel e.V.<br>Armin Wenzel   1. Vorsitzender<\/p>\n","protected":false},"excerpt":{"rendered":"<div class=\"mh-excerpt\"><p>Sehr geehrte Mitglieder, Trainer und Eltern, Auf Grund der Ausbreitung des hochansteckenden Covid-19 Virus (Corona) der das \u00f6ffentliche Leben lahmlegt, ist es notwendig geworden, dass <a class=\"mh-excerpt-more\" href=\"https:\/\/www.rotweisskassel.de\/verein\/blog\/2020\/03\/18\/absage-verschiebung-der-mitgliederversammlung-am-27-03-2020\/\" title=\"Absage\/Verschiebung der Mitgliederversammlung am 27.03.2020\">[&#8230;]<\/a><\/p>\n<\/div>","protected":false},"author":4,"featured_media":1376,"comment_status":"closed","ping_status":"open","sticky":false,"template":"","format":"standard","meta":{"ngg_post_thumbnail":0,"footnotes":""},"categories":[1,5,6,3,2],"tags":[273,275,81,80,21,15,57],"class_list":["post-1369","post","type-post","status-publish","format-standard","has-post-thumbnail","hentry","category-allgemein","category-judo","category-jujutsu","category-karate","category-verein","tag-273","tag-entfaellt","tag-jhv","tag-mitgliederversammlung","tag-sporthalle","tag-training","tag-vorstand"],"_links":{"self":[{"href":"https:\/\/www.rotweisskassel.de\/verein\/wp-json\/wp\/v2\/posts\/1369","targetHints":{"allow":["GET"]}}],"collection":[{"href":"https:\/\/www.rotweisskassel.de\/verein\/wp-json\/wp\/v2\/posts"}],"about":[{"href":"https:\/\/www.rotweisskassel.de\/verein\/wp-json\/wp\/v2\/types\/post"}],"author":[{"embeddable":true,"href":"https:\/\/www.rotweisskassel.de\/verein\/wp-json\/wp\/v2\/users\/4"}],"replies":[{"embeddable":true,"href":"https:\/\/www.rotweisskassel.de\/verein\/wp-json\/wp\/v2\/comments?post=1369"}],"version-history":[{"count":3,"href":"https:\/\/www.rotweisskassel.de\/verein\/wp-json\/wp\/v2\/posts\/1369\/revisions"}],"predecessor-version":[{"id":1372,"href":"https:\/\/www.rotweisskassel.de\/verein\/wp-json\/wp\/v2\/posts\/1369\/revisions\/1372"}],"wp:featuredmedia":[{"embeddable":true,"href":"https:\/\/www.rotweisskassel.de\/verein\/wp-json\/wp\/v2\/media\/1376"}],"wp:attachment":[{"href":"https:\/\/www.rotweisskassel.de\/verein\/wp-json\/wp\/v2\/media?parent=1369"}],"wp:term":[{"taxonomy":"category","embeddable":true,"href":"https:\/\/www.rotweisskassel.de\/verein\/wp-json\/wp\/v2\/categories?post=1369"},{"taxonomy":"post_tag","embeddable":true,"href":"https:\/\/www.rotweisskassel.de\/verein\/wp-json\/wp\/v2\/tags?post=1369"}],"curies":[{"name":"wp","href":"https:\/\/api.w.org\/{rel}","templated":true}]}}